{"id":388,"date":"2011-10-04T22:53:09","date_gmt":"2011-10-04T20:53:09","guid":{"rendered":"http:\/\/www.r9.cz\/?p=388"},"modified":"2011-10-24T20:57:51","modified_gmt":"2011-10-24T18:57:51","slug":"velka-fatra-s-veverkou","status":"publish","type":"post","link":"https:\/\/www.r9.cz\/?p=388","title":{"rendered":"Velk\u00e1 Fatra s Veverkou"},"content":{"rendered":"<p>Jirsa, Michal, Pavel, Ir\u010da a Mar\u0165a pro\u017eili uplynul\u00fd v\u00edkend v krajin\u011b medv\u011bd\u016f a vlk\u016f na Velk\u00e9 Fat\u0159e. Bylo to poetick\u00e9 a je jasn\u00e9, \u017ee jsme zde nebyli naposled.<\/p>\n<p>Grupa turisti\u010dna:<\/p>\n<p><a href=\"http:\/\/www.r9.cz\/wp-content\/uploads\/fatra1.jpg\"><img loading=\"lazy\" decoding=\"async\" class=\"aligncenter size-medium wp-image-389\" title=\"fatra1\" src=\"http:\/\/www.r9.cz\/wp-content\/uploads\/fatra1-300x199.jpg\" alt=\"\" width=\"300\" height=\"199\" srcset=\"https:\/\/www.r9.cz\/wp-content\/uploads\/fatra1-300x199.jpg 300w, https:\/\/www.r9.cz\/wp-content\/uploads\/fatra1-452x300.jpg 452w, https:\/\/www.r9.cz\/wp-content\/uploads\/fatra1.jpg 600w\" sizes=\"(max-width: 300px) 100vw, 300px\" \/><\/a><\/p>\n<p><!--more--><br \/>\nUbytov\u00e1n\u00ed v star\u00e9m srubu na konci zapadl\u00e9ho \u00fadol\u00ed nem\u011blo chybu:<\/p>\n<p><a href=\"http:\/\/www.r9.cz\/wp-content\/uploads\/fatra2.jpg\"><img loading=\"lazy\" decoding=\"async\" class=\"aligncenter size-medium wp-image-390\" title=\"fatra2\" src=\"http:\/\/www.r9.cz\/wp-content\/uploads\/fatra2-300x199.jpg\" alt=\"\" width=\"300\" height=\"199\" srcset=\"https:\/\/www.r9.cz\/wp-content\/uploads\/fatra2-300x199.jpg 300w, https:\/\/www.r9.cz\/wp-content\/uploads\/fatra2-452x300.jpg 452w, https:\/\/www.r9.cz\/wp-content\/uploads\/fatra2.jpg 600w\" sizes=\"(max-width: 300px) 100vw, 300px\" \/><\/a>Sobotn\u00ed v\u00fdlet po kopcoch:<\/p>\n<p><a href=\"http:\/\/www.r9.cz\/wp-content\/uploads\/fatra3.jpg\"><img loading=\"lazy\" decoding=\"async\" class=\"aligncenter size-medium wp-image-391\" title=\"fatra3\" src=\"http:\/\/www.r9.cz\/wp-content\/uploads\/fatra3-300x199.jpg\" alt=\"\" width=\"300\" height=\"199\" srcset=\"https:\/\/www.r9.cz\/wp-content\/uploads\/fatra3-300x199.jpg 300w, https:\/\/www.r9.cz\/wp-content\/uploads\/fatra3-452x300.jpg 452w, https:\/\/www.r9.cz\/wp-content\/uploads\/fatra3.jpg 600w\" sizes=\"(max-width: 300px) 100vw, 300px\" \/><\/a>A je\u0161t\u011b mus\u00edm nahl\u00e1sit, \u017ee jsme vid\u011bli jednu veverku a jednu jsme aj vypili.<\/p>\n<p>Fotky poskytl: <a title=\"Michal Kudl\u00e1k\" href=\"http:\/\/www.r9.cz\/?page_id=143\">Michal<\/a><\/p>\n","protected":false},"excerpt":{"rendered":"<p>Jirsa, Michal, Pavel, Ir\u010da a Mar\u0165a pro\u017eili uplynul\u00fd v\u00edkend v krajin\u011b medv\u011bd\u016f a vlk\u016f na Velk\u00e9 Fat\u0159e. Bylo to poetick\u00e9 a je jasn\u00e9, \u017ee jsme zde nebyli naposled. Grupa turisti\u010dna:<\/p>\n","protected":false},"author":4,"featured_media":0,"comment_status":"open","ping_status":"open","sticky":false,"template":"","format":"standard","meta":{"ngg_post_thumbnail":0,"footnotes":""},"categories":[1,10],"tags":[11,12],"_links":{"self":[{"href":"https:\/\/www.r9.cz\/index.php?rest_route=\/wp\/v2\/posts\/388"}],"collection":[{"href":"https:\/\/www.r9.cz\/index.php?rest_route=\/wp\/v2\/posts"}],"about":[{"href":"https:\/\/www.r9.cz\/index.php?rest_route=\/wp\/v2\/types\/post"}],"author":[{"embeddable":true,"href":"https:\/\/www.r9.cz\/index.php?rest_route=\/wp\/v2\/users\/4"}],"replies":[{"embeddable":true,"href":"https:\/\/www.r9.cz\/index.php?rest_route=%2Fwp%2Fv2%2Fcomments&post=388"}],"version-history":[{"count":8,"href":"https:\/\/www.r9.cz\/index.php?rest_route=\/wp\/v2\/posts\/388\/revisions"}],"predecessor-version":[{"id":394,"href":"https:\/\/www.r9.cz\/index.php?rest_route=\/wp\/v2\/posts\/388\/revisions\/394"}],"wp:attachment":[{"href":"https:\/\/www.r9.cz\/index.php?rest_route=%2Fwp%2Fv2%2Fmedia&parent=388"}],"wp:term":[{"taxonomy":"category","embeddable":true,"href":"https:\/\/www.r9.cz\/index.php?rest_route=%2Fwp%2Fv2%2Fcategories&post=388"},{"taxonomy":"post_tag","embeddable":true,"href":"https:\/\/www.r9.cz\/index.php?rest_route=%2Fwp%2Fv2%2Ftags&post=388"}],"curies":[{"name":"wp","href":"https:\/\/api.w.org\/{rel}","templated":true}]}}